{"id":543,"date":"2021-10-08T17:55:47","date_gmt":"2021-10-08T15:55:47","guid":{"rendered":"https:\/\/marecettedubonheur.com\/?p=543"},"modified":"2024-02-29T17:57:48","modified_gmt":"2024-02-29T16:57:48","slug":"quand-la-peur-de-la-mort-nous-empeche-de-vivre","status":"publish","type":"post","link":"https:\/\/marecettedubonheur.com\/index.php\/2021\/10\/08\/quand-la-peur-de-la-mort-nous-empeche-de-vivre\/","title":{"rendered":"Quand la peur de la mort nous emp\u00eache de vivre"},"content":{"rendered":"\n<p>Un deuxi\u00e8me article \u00e9crit par notre \u00e9quipe de passeuses d&rsquo;\u00e2me, en d\u00e9cembre 2020 !<\/p>\n\n\n\n<!--more-->\n\n\n\n<p>Aujourd\u2019hui, plus que jamais, le mot \u00ab&nbsp;mort&nbsp;\u00bb est omnipr\u00e9sent dans la bouche de l\u2019homme, dans le monde entier. Et ce mot fait peuuur&nbsp;! Mais pourquoi&nbsp;?<\/p>\n\n\n\n<p>Revoici notre \u00e9quipe de six passeuses d\u2019\u00e2me dans ce second article, pour vous partager nos compr\u00e9hensions et la n\u00e9cessit\u00e9 de mettre la lumi\u00e8re sur ce sujet.<\/p>\n\n\n\n<blockquote class=\"wp-block-quote is-layout-flow wp-block-quote-is-layout-flow\">\n<p>\u2013&nbsp;Aie&nbsp;! Je me suis fait mal \u00e0 l\u2019orteil, mon ongle est tout violet&nbsp;! Il va s\u00fbrement s\u2019infecter, mon pied va gangr\u00e9ner, peut-\u00eatre m\u00eame que cela va contaminer tout mon sang, je vais faire une septic\u00e9mie, je vais peut-\u00eatre m\u00eame en mourir&nbsp;!!!! Bon, alors je ne bouge plus, je ne vais pas au boulot, j\u2019annule ma soir\u00e9e, je ne veux prendre aucun risque&nbsp;! \u2026 Y a-t-il un vaccin pour que je ne souffre pas et surtout pour ne pas en mourir&nbsp;?!?<br>\u2013&nbsp;Heu, t\u2019en ferais pas un peu trop l\u00e0&nbsp;? Bon allez, viens, je t\u2019invite \u00e0 boire un verre et je te propose de parler de tes peurs\u2026<\/p>\n<\/blockquote>\n\n\n\n<h2 class=\"wp-block-heading\">Pourquoi a-t-on si peur de la mort ?<\/h2>\n\n\n\n<p>Dans notre soci\u00e9t\u00e9, nous l\u2019opposons constamment \u00e0 la vie, et inconsciemment, la mort est la pire chose qui puisse arriver. Nous refusons de nous y confronter : dans l\u2019instant pr\u00e9sent nous nous sentons invincible, tout puissant et cette sensation nous \u00e9loigne de la r\u00e9flexion sur la vieillesse et la mort. Cependant tout \u00eatre humain sait qu\u2019un jour, il va devoir passer ce cap, que cela lui plaise ou non. Quand et comment, c\u2019est l\u2019inconnu, mais c\u2019est in\u00e9vitable, comme pour tout ce qui vit (plantes, animaux\u2026). Alors, autant s\u2019y int\u00e9resser pour s\u2019y pr\u00e9parer, l\u2019accepter et l\u2019accueillir plut\u00f4t que de le fuir.<\/p>\n\n\n\n<p>Prenons le temps de comprendre ce qui g\u00e9n\u00e8re cette peur en nous (liste non exhaustive !) :<\/p>\n\n\n\n<h3 class=\"wp-block-heading\">Le sentiment d\u2019injustice<\/h3>\n\n\n\n<p>L\u2019in\u00e9luctabilit\u00e9 et la grande part d\u2019inconnu qui entourent ce passage, g\u00e9n\u00e8rent un certain sentiment d\u2019injustice : \u00ab&nbsp;<em>C\u2019est vrai quoi&nbsp;! Pourquoi devrait-on mourir, d\u2019abord&nbsp;? C\u2019est qui qui a d\u00e9cid\u00e9 \u00e7a&nbsp;? C\u2019est pas moi&nbsp;!<\/em> \u00bb.<\/p>\n\n\n\n<p>En effet, et si nous partions \u00ab trop t\u00f4t \u00bb, sans avoir eu le temps de faire tout ce que nous voulions, devions ou r\u00eavions de faire, sans avoir eu le temps de dire \u00e0 l\u2019autre que nous l\u2019aimons, sans avoir eu le temps de demander pardon \u00e0 l\u2019autre pour les torts que nous lui avons caus\u00e9s\u2026?<\/p>\n\n\n\n<h3 class=\"wp-block-heading\">L\u2019attachement<\/h3>\n\n\n\n<p>La personne qui s\u2019en va nous laisse \u00ab seul \u00bb sur terre. Ce qui l\u00e8ve la peur qu\u2019\u00e0 notre tour, nous allons laisser ici des personnes que nous aimons.<\/p>\n\n\n\n<p>Nous allons aussi laisser tout ce que nous avons conquis sur terre en biens mat\u00e9riels : b\u00e2timents, terrains, objets, argent, carri\u00e8re, notori\u00e9t\u00e9, etc.<\/p>\n\n\n\n<p>Nous pouvons avoir la sensation que nous allons tout perdre alors nous nous accrochons\u2026 et augmentons la peur.<\/p>\n\n\n\n<h3 class=\"wp-block-heading\">La peur de souffrir<\/h3>\n\n\n\n<p>La peur de souffrir est \u00e9galement un \u00e9l\u00e9ment important. Avoir un accident, subir une agression, contracter une maladie incurable, assister \u00e0 la d\u00e9gradation de notre corps ou de celui d\u2019un proche, voir ou ressentir cette souffrance physique ou psychique est terrible. Sans parler de la peur de se retrouver seul face \u00e0 ce cap\u2026 si on reste dans une vision uniquement mat\u00e9rielle des choses.<\/p>\n\n\n\n<h3 class=\"wp-block-heading\">Le sentiment de culpabilit\u00e9<\/h3>\n\n\n\n<p>Peut ensuite venir la peur du Jugement Dernier. Dans la plupart des religions, mythologies et croyances, il y a une n\u00e9cessit\u00e9 d\u2019\u00eatre totalement \u00ab purs \u00bb pour ne pas \u00eatre \u00ab punis \u00bb :<\/p>\n\n\n\n<ul class=\"wp-block-list\">\n<li>en \u00c9gypte antique, notre coeur sera pes\u00e9 ;<\/li>\n\n\n\n<li>en Occident Dieu le p\u00e8re fouettard nous enverra en Enfer car nous sommes tous des p\u00eacheurs ;<\/li>\n\n\n\n<li>en Orient on se r\u00e9incarnera en bonza\u00ef ou en moustique si on s\u2019est fait un mauvais karma ; <\/li>\n\n\n\n<li>ou autres joyeuset\u00e9s du genre<\/li>\n<\/ul>\n\n\n\n<p>A\u00efe a\u00efe a\u00efe\u2026 On comprend pourquoi on a peur de mourir ! Douterions-nous de la bienveillance du monde spirituel ?<\/p>\n\n\n\n<p>Cette peur peut aussi montrer que nous ne sommes pas toujours en paix quant \u00e0 notre mani\u00e8re de vivre actuelle, ce qui cr\u00e9e une culpabilit\u00e9 et de l\u2019ins\u00e9curit\u00e9.<\/p>\n\n\n\n<h3 class=\"wp-block-heading\">La peur du n\u00e9ant<\/h3>\n\n\n\n<p>Enfin\u2026 Mais qu\u2019y a-t-il apr\u00e8s la mort ? Y a-t-il vraiment quelque chose ? La science actuelle ne nous invite qu\u2019\u00e0 regarder le visible (ou avec un microscope). Du coup, elle nie la vie de l\u2019esprit.<\/p>\n\n\n\n<p>Et tous ceux qui, consciemment ou inconsciemment, adh\u00e8rent \u00e0 cette vision ne peuvent \u00eatre que terroris\u00e9s par l\u2019id\u00e9e m\u00eame de la mort. En effet, ils disent \u00e0 leur esprit qu\u2019il va s\u2019\u00e9teindre et dispara\u00eetre \u00e0 jamais dans le n\u00e9ant lorsque leur corps physique disparaitra !! Il y a vraiment de quoi avoir peur !<\/p>\n\n\n\n<p>Au final, la majorit\u00e9 des gens est terroris\u00e9e par la mort, pour une raison ou pour une autre.<\/p>\n\n\n\n<h2 class=\"wp-block-heading\">Bon ok, on a peur\u2026 Mais quelles en sont les cons\u00e9quences ?<\/h2>\n\n\n\n<h3 class=\"wp-block-heading\">Dans nos fa\u00e7ons de vivre<\/h3>\n\n\n\n<p>\u00catre pris dans nos peurs entra\u00eene des comportements d\u00e9raisonnables et \u00e9go\u00efstes.<br>Ils sont de l\u2019ordre de r\u00e9actions instinctives, qui manquent de bon sens et de sagesse. C\u2019est la fuite en avant incessante sur le rythme m\u00e9tro, boulot, dodo. C\u2019est se remplir, parfois \u00e0 l\u2019extr\u00eame, de nourriture, de relations, d\u2019activit\u00e9s de toutes sortes telles que des supers week-end, des vacances, ou des heures pass\u00e9es devant les \u00e9crans\u2026 Tout pour \u00e9viter de s\u2019arr\u00eater, de s\u2019\u00e9couter et de ressentir en soi nos questions existentielles.<\/p>\n\n\n\n<p>Cette fuite peut aussi \u00eatre v\u00e9cue dans l\u2019inertie, un \u00ab \u00e0 quoi bon ? \u00bb, une d\u00e9sesp\u00e9rance.<br>Il n\u2019y a plus aucune prise de recul dans l\u2019action, tellement nous sommes focalis\u00e9s sur l\u2019instant et le fait de nous satisfaire \u00e0 court terme, sans tenir compte des cons\u00e9quences.<\/p>\n\n\n\n<h3 class=\"wp-block-heading\">Dans nos relations<\/h3>\n\n\n\n<p>Nous devenons m\u00e9fiants vis-\u00e0-vis des autres, ce qui entra\u00eene une d\u00e9gradation de notre relationnel (isolement, port du masque, etc.). L\u2019autre devient un danger pour soi, car il risque de nous ramener un m\u00e9chant virus du supermarch\u00e9 (\u00ab <em>Il \u00e9tait en promo !<\/em> \u00bb), ou d\u2019avoir pris le dernier paquet de p\u00e2tes.<\/p>\n\n\n\n<p>En ce moment, les comportements deviennent caricaturaux, il est donc plus facile d\u2019en prendre conscience. Mais avant, nous le vivions d\u00e9j\u00e0 ! Il y a un total irrespect, alors qu\u2019il est humain de vouloir prendre soin des autres, les \u00e9couter et leur donner de nous. <\/p>\n\n\n\n<p>Y-a-t-il une place pour l\u2019Amour ?<\/p>\n\n\n\n<h3 class=\"wp-block-heading\">Collectivement<\/h3>\n\n\n\n<p>La peur, l\u2019angoisse et l\u2019ins\u00e9curit\u00e9 nous emp\u00eachent d\u2019avancer, de raisonner et d\u2019agir :<\/p>\n\n\n\n<ul class=\"wp-block-list\">\n<li>Nous n\u2019osons plus penser par nous-m\u00eame de peur de nous faire taper sur les doigts, alors nous restons irresponsables de nos actes. Certains recherchent une \u00ab pens\u00e9e unique \u00bb \u00e0 laquelle se soumettre en demandant la s\u00e9curit\u00e9 en contre-partie (l\u2019ob\u00e9issance civile), m\u00eame si cela tend vers la tyrannie\u2026 Car s\u2019affirmer et oser la diff\u00e9rence demande avant tout un effort de pens\u00e9e, mais aussi du courage pour agir en accord avec soi, sans tomber dans l\u2019agressivit\u00e9.<\/li>\n\n\n\n<li>Les grands projets pour la nature, la culture, l\u2019\u00e9panouissement et la cr\u00e9ativit\u00e9 en g\u00e9n\u00e9ral, bref, tous les domaines en dehors de la survie sont d\u00e9laiss\u00e9s. Nous pouvons nous demander de quelle couleur sera notre futur\u2026<\/li>\n<\/ul>\n\n\n\n<h3 class=\"wp-block-heading\">En conclusion<\/h3>\n\n\n\n<p>Toutes ces angoisses et culpabilit\u00e9s \u00e9touff\u00e9es g\u00e9n\u00e8rent de la tristesse, de la d\u00e9pression, allant parfois m\u00eame jusqu\u2019au suicide.<br>Refuser de se confronter \u00e0 cette peur de la mort engendre une vie m\u00e9diocre o\u00f9 notre esprit s\u2019\u00e9teint. N\u2019est-ce pas une fa\u00e7on de se laisser mourir et d\u2019appeler la mort ? Quelle ironie !<\/p>\n\n\n\n<h2 class=\"wp-block-heading\">Ah oui, quand m\u00eame\u2026 Et il y a des solutions ? <\/h2>\n\n\n\n<p>Oui, heureusement ! Il existe des solutions que nous pouvons mettre en \u0153uvre, selon notre cheminement et notre \u00e9tat int\u00e9rieur.<\/p>\n\n\n\n<p>En voici quelques-unes, issues de nos compr\u00e9hensions, travaux et exp\u00e9rimentations :<\/p>\n\n\n\n<ul class=\"wp-block-list\">\n<li><strong>Discerner et r\u00e9fl\u00e9chir :<\/strong>\n<ul class=\"wp-block-list\">\n<li>Bien voir en face notre propre peur de la mort, la reconna\u00eetre, voir sur quoi elle s\u2019appuie quelles en sont les cons\u00e9quences dans notre vie, etc.&nbsp;<a href=\"#note1\"><strong>&#8211;&nbsp;1<\/strong><\/a><\/li>\n\n\n\n<li>S\u2019informer sur la situation qui la g\u00e9n\u00e8re (crise sanitaire par exemple) et se questionner pour se faire sa propre opinion. Pr\u00e9f\u00e9rer l\u2019\u00e9coute de m\u00e9dias \u00e9thiques qui apportent des \u00e9l\u00e9ments \u00e0 notre r\u00e9flexion de mani\u00e8re constructive.<\/li>\n\n\n\n<li>\u00c9tudier le sujet de la mort. En effet, sortir de l\u2019ignorance sur ce sujet permet souvent de se tranquilliser (<em>cf.<\/em> <a href=\"https:\/\/marecettedubonheur.com\/index.php\/2021\/10\/08\/la-vie-la-mort-le-passage\/\" data-type=\"post\" data-id=\"536\">notre pr\u00e9c\u00e9dent article pour des r\u00e9f\u00e9rences<\/a>).<\/li>\n\n\n\n<li>\u00c9crire ses directives anticip\u00e9es : toute personne majeure peut r\u00e9diger des directives anticip\u00e9es pour exprimer ses souhaits concernant sa fin de vie, afin de s\u2019assurer que ses derni\u00e8res volont\u00e9s seront respect\u00e9es (concernant la douleur, la th\u00e9rapeutique, etc.)&nbsp;<a href=\"#note2\"><strong>&#8211;&nbsp;2<\/strong><\/a><\/li>\n<\/ul>\n<\/li>\n\n\n\n<li><strong>Quelques cl\u00e9s en situation :<\/strong>\n<ul class=\"wp-block-list\">\n<li><em>Ma\u00eetriser ses \u00e9motions :<\/em>\n<ul class=\"wp-block-list\">\n<li>Si nous sommes dans l\u2019agitation : ralentir son rythme, s\u2019arr\u00eater, se poser pour respirer profond\u00e9ment et se calmer\u2026<\/li>\n\n\n\n<li>Si nous sommes dans l\u2019inertie, le repliement sur soi : bouger, marcher, faire du sport, dynamiser son corps, parler \u00e0 un proche, agir\u2026<\/li>\n<\/ul>\n<\/li>\n\n\n\n<li>Aller en nature pour s\u2019apaiser, respirer, s\u2019ancrer \u00e0 la terre, faire le plein d\u2019\u00e9nergie de vie.<\/li>\n\n\n\n<li>Se cr\u00e9er une phrase pour aider \u00e0 se maitriser, par exemple : \u00ab J\u2019ai confiance dans la vie \u00bb.<\/li>\n\n\n\n<li>Pratiquer la relaxation pour apaiser notre syst\u00e8me nerveux, calmer notre \u00e9motionnel, ressentir un moment de paix int\u00e9rieure et de recul, pour avoir une pens\u00e9e plus claire.<\/li>\n\n\n\n<li>Supprimer les influences n\u00e9gatives en triant les m\u00e9dias aupr\u00e8s desquels nous nous informons.<\/li>\n\n\n\n<li>Parler \u00e0 une personne de confiance, bienveillante et \u00e0 notre \u00e9coute (un proche, un th\u00e9rapeute\u2026) pour nous aider.<\/li>\n<\/ul>\n<\/li>\n\n\n\n<li><strong>Quelques pistes pour redonner toute sa valeur \u00e0 la vie :<\/strong>\n<ul class=\"wp-block-list\">\n<li>Savoir appr\u00e9cier les bons moments de sa vie (avec sa famille, voir des amis, faire la f\u00eate\u2026).<\/li>\n\n\n\n<li>S\u2019\u00e9merveiller chaque jour des cadeaux que la vie nous donne, et lui offrir notre gratitude.<\/li>\n\n\n\n<li>\u00catre bien pr\u00e9sent \u00e0 ce que nous vivons, reconna\u00eetre notre valeur et nos qualit\u00e9s qui font de nous un \u00eatre unique et aimant.<\/li>\n\n\n\n<li>Contempler la beaut\u00e9 qui se pr\u00e9sente \u00e0 nous (une fleur, un paysage, une oeuvre d\u2019art, un sourire, un visage\u2026)<\/li>\n\n\n\n<li>Se reconnecter \u00e0 la nature, respirer le grand air, mettre les mains dans la terre. Recr\u00e9er ce lien, pas seulement intellectuellement, mais aussi physiquement et spirituellement.<\/li>\n\n\n\n<li>Faire des bilans r\u00e9guliers. Imaginer par exemple que nous vivons le dernier jour de notre vie, pour voir o\u00f9 nous en sommes, avec nous-m\u00eame, dans nos relations, nos projets. Ainsi l\u2019essentiel va nous appara\u00eetre et nous permettre de nous r\u00e9ajuster.<\/li>\n\n\n\n<li>Consacrer du temps aux autres, quels qu\u2019ils soient.<\/li>\n<\/ul>\n<\/li>\n\n\n\n<li><strong>Prendre soin de sa sant\u00e9 en fonction de ses besoins :<\/strong>\n<ul class=\"wp-block-list\">\n<li>Revisiter son alimentation : manger bio, sain et \u00e9thique, par respect envers le vivant et la nature, dont nous faisons partie.<\/li>\n\n\n\n<li><em>Renforcer son syst\u00e8me immunitaire avec :<\/em>\n<ul class=\"wp-block-list\">\n<li>Des \u00e9lixirs floraux comme le Bougainvillier, la Brunelle, l\u2019Hortensia rose ou le bleu, et l\u2019Artemisia Annua&nbsp;<a href=\"#note3\"><strong>&#8211;&nbsp;3<\/strong><\/a>.<\/li>\n\n\n\n<li>L\u2019Artemisia Annua \u00e0 prendre en tisane.<\/li>\n\n\n\n<li>Des huiles essentielles (<em>cf.<\/em> <a href=\"#huiles\">encadr\u00e9 plus bas<\/a>).<\/li>\n<\/ul>\n<\/li>\n\n\n\n<li>Se faire faire des massages afin de ressentir un bien-\u00eatre.<\/li>\n<\/ul>\n<\/li>\n\n\n\n<li><strong>Et plus que jamais s\u2019ouvrir \u00e0 l\u2019Esprit et le renforcer :<\/strong>\n<ul class=\"wp-block-list\">\n<li>Lire des ouvrages inspirants, s\u2019int\u00e9resser \u00e0 diff\u00e9rentes spiritualit\u00e9s et \u00e0 l\u2019aspect invisible de la vie.<\/li>\n\n\n\n<li>Partager, r\u00e9fl\u00e9chir avec d\u2019autres sur la question de la vie et de la mort justement ! Ce sont des sujets qui nous concernent tous, pour sortir de la \u00ab survie \u00bb et toucher ce qui nous est essentiel, se reconna\u00eetre en tant qu\u2019esprit. Que chacun puisse cheminer sur ces questions : \u00ab Qu\u2019est-ce que la vie ? Le sens de celle-ci ? \u00bb, etc.<\/li>\n\n\n\n<li>Exp\u00e9rimenter le je\u00fbne pour s\u2019ouvrir au fait que nous ne sommes pas qu\u2019un corps.<\/li>\n\n\n\n<li>Trouver notre identit\u00e9 profonde en dehors des r\u00f4les (enfant, parent, conjoint, ami, coll\u00e8gue\u2026), s\u2019int\u00e9resser et se mobiliser pour un id\u00e9al qui nous enflamme.<\/li>\n\n\n\n<li><em>Pratiquer la m\u00e9ditation&nbsp;<a href=\"#note4\"><strong>&#8211;&nbsp;4<\/strong><\/a> pour :<\/em>\n<ul class=\"wp-block-list\">\n<li>R\u00e9veiller ses forces int\u00e9rieures pour combattre l\u2019adversit\u00e9.<\/li>\n\n\n\n<li>Renforcer sa vitalit\u00e9 et s\u2019harmoniser.<\/li>\n<\/ul>\n<\/li>\n<\/ul>\n<\/li>\n<\/ul>\n\n\n\n<h2 class=\"wp-block-heading\">Conclusion<\/h2>\n\n\n\n<p>Au final, nous voyons que nous avons tous plus ou moins peur de la mort et que cela a des cons\u00e9quences importantes sur nos vies\u2026 M\u00eame en tant que passeuses d\u2019\u00e2me (c\u2019est un comble non ?). La racine principale de cette peur est simple : nous nous sommes plus ou moins coup\u00e9s du monde spirituel, l\u00e0 o\u00f9 se trouve notre vraie demeure et nos solutions.<\/p>\n\n\n\n<p>Pour y rem\u00e9dier, il s\u2019agit de nous relier \u00e0 notre Ange, \u00c2me ou Moi sup\u00e9rieur par l\u2019interm\u00e9diaire de la pri\u00e8re, la m\u00e9ditation, le questionnement, ou encore en se mettant face \u00e0 soi-m\u00eame.<\/p>\n\n\n\n<p>Nous pouvons nous encourager les uns les autres \u00e0 faire un premier pas, puis un autre, et encore un autre dans ce sens\u2026 No\u00ebl, suivi des douze Nuits Saintes5 et de l\u2019\u00c9piphanie, est une p\u00e9riode propice pour revenir \u00e0 l\u2019int\u00e9rieur de soi, \u00e9couter son coeur afin d\u2019y accueillir sa v\u00e9rit\u00e9, son futur et se souvenir des graines pleines de vie que nous sommes venus apporter sur Terre.<\/p>\n\n\n\n<figure class=\"wp-block-pullquote\"><blockquote><p>Alors, c\u2019est parti ?<\/p><\/blockquote><\/figure>\n\n\n\n<p>Avec Amour et Esp\u00e9rance !<\/p>\n\n\n\n<p>Pour nous contacter : <a href=\"mailto:passeusesdame@pm.me\" target=\"_blank\" rel=\"noreferrer noopener\">passeusesdame@pm.me<\/a><\/p>\n\n\n\n<hr class=\"wp-block-separator has-css-opacity\"\/>\n\n\n\n<h2 class=\"wp-block-heading has-text-align-center\" id=\"huiles\">Quelques recettes avec les huiles essentielles&nbsp;<a href=\"#note6\"><strong><small>&#8211;&nbsp;6<\/small><\/strong><\/a><\/h2>\n\n\n\n<h3 class=\"wp-block-heading\">Pour booster son syst\u00e8me immunitaire<\/h3>\n\n\n\n<p>M\u00e9lange \u00e0 diluer dans 10 ml d\u2019huile v\u00e9g\u00e9tale :<br>\u274a Eucalypthus Radiata, 3 ml \u274a Ravensara, 5 ml \u274a Tea Tree (Malaleuca alternifolia), 2 ml<\/p>\n\n\n\n<p><em>Exemples de posologie :<\/em> 6 gouttes pour un adulte et 3 pour les enfants, 4 fois par jour sur le thorax (3 gts) et le dos (3 gts) ou en interne sur un support (3 gts).<br>Une cure de 10 jours en soutien, ou en cas de grippe.<br>D\u00e8s les 1ers sympt\u00f4mes de grippe : en friction sur le thorax et les avant bras.<\/p>\n\n\n\n<h3 class=\"wp-block-heading\">Pour se reg\u00e9n\u00e9rer &#8211; recharger les surr\u00e9nales &#8211; reins<\/h3>\n\n\n\n<p>\u274a \u00c9pinette noire \u274a Pin sylvestre<\/p>\n\n\n\n<p><em>Exemples de posologie :<\/em> 2 gouttes de chaque dans une noisette d\u2019huile v\u00e9g\u00e9tale au creux de la main puis frictionner sur la zone des surr\u00e9nales. <br>Une cure de 3 semaines en pr\u00e9vention.<br>Si \u00e9puisement, fatigue chronique, baisse immunitaire : 2 fois par jour pendant 10 jours, avec possibilit\u00e9 d\u2019ajouter une goutte de Basilic tropical.<\/p>\n\n\n\n<hr class=\"wp-block-separator has-css-opacity\"\/>\n\n\n\n<h4 class=\"wp-block-heading\">Notes :<\/h4>\n\n\n\n<ol class=\"wp-block-list\">\n<li>Une m\u00e9thode d\u2019individualisation est propos\u00e9e dans <em>Le Nouveau Tarot de l\u2019Individualisation<\/em>, Pierre Lassalle, \u00c9ditions Terre de Lumi\u00e8re.<\/li>\n\n\n\n<li>Se renseigner sur le site de la SFAP (Soci\u00e9t\u00e9 Fran\u00e7aise d\u2019accompagnement et de soins palliatifs) : <a rel=\"noreferrer noopener\" href=\"http:\/\/www.sfap.org\/rubrique\/les-directives-anticipees\" target=\"_blank\">http:\/\/www.sfap.org\/rubrique\/les-directives-anticipees<\/a>.<\/li>\n\n\n\n<li>Les \u00c9lixirs Floraux de Flora (<a rel=\"noreferrer noopener\" href=\"http:\/\/www.leselixirsflorauxdeflora.com\" data-type=\"URL\" data-id=\"www.leselixirsflorauxdeflora.com\" target=\"_blank\">www.leselixirsflorauxdeflora.com<\/a>).<\/li>\n\n\n\n<li>Plusieurs CDs de m\u00e9ditations guid\u00e9es sont disponibles aux \u00e9ditions Terre de Lumi\u00e8re : <a rel=\"noreferrer noopener\" href=\"http:\/\/www.editions-terre-de-lumiere.com\" data-type=\"URL\" data-id=\"www.editions-terre-de-lumiere.com\" target=\"_blank\">www.editions-terre-de-lumiere.com<\/a>.<\/li>\n\n\n\n<li>Vous pourrez trouver des informations sur cette p\u00e9riode dans de nombreux sites internet et ouvrages, notamment <em>Les Douze Nuits Saintes et les Hi\u00e9rarchies Spirituelles<\/em>, Prokofieff, \u00c9ditions Pic de la Mirandole.<\/li>\n\n\n\n<li>Autres conseils sur : <a rel=\"noreferrer noopener\" href=\"http:\/\/www.cecile-essence-ciel.jimdofree.com\" data-type=\"URL\" data-id=\"www.cecile-essence-ciel.jimdofree.com\" target=\"_blank\">www.cecile-essence-ciel.jimdofree.com<\/a><\/li>\n<\/ol>\n\n\n\n<p><\/p>\n\n\n\n<p class=\"has-text-align-right\"><em>Article \u00e9crit par<\/em> <br>\u00c9lisabeth Bourgeois, Caroline Dewaele, Anne Halais, <br>St\u00e9phanie Mironnet, C\u00e9cile Morfouace et Catherine Tierce <br>de la <a href=\"https:\/\/www.kaya-team-universe.org\/forum-des-ligues\/\" data-type=\"URL\" data-id=\"https:\/\/www.kaya-team-universe.org\/forum-des-ligues\/\" target=\"_blank\" rel=\"noreferrer noopener\">Ligue des Passeurs du Kaya Team Universe<\/a><br><em>[\u00e9dit : je n&rsquo;en fais plus partie depuis 2021]<\/em><\/p>\n\n\n\n<p><\/p>\n\n\n\n<p class=\"has-text-align-right\"><em><small>Image de Une : Denys Nevozhai &#8211; Unsplash<\/small><\/em><\/p>\n\n\n\n<p>Vous pouvez t\u00e9l\u00e9charger une version PDF de cet article <a href=\"https:\/\/u.pcloud.link\/publink\/show?code=XZUPO8XZvahNqQHIn4Y4FeU1BPm4JYo93S3X\" data-type=\"URL\" data-id=\"https:\/\/u.pcloud.link\/publink\/show?code=XZUPO8XZvahNqQHIn4Y4FeU1BPm4JYo93S3X\" target=\"_blank\" rel=\"noreferrer noopener\">ici<\/a>.<\/p>\n<div data-animation=\"rubberBand\" data-icons-animation=\"no-animation\" data-overlay=\"on\" data-change-size=\"\" data-button-size=\"0.7\" style=\"font-size:0.7em!important;display:none;\" class=\"supsystic-social-sharing supsystic-social-sharing-package-flat supsystic-social-sharing-hide-on-homepage supsystic-social-sharing-spacing supsystic-social-sharing-content supsystic-social-sharing-content-align-left\" data-text=\"\"><a data-networks=\"[]\" class=\"social-sharing-button sharer-flat sharer-flat-3 counter-standard without-counter facebook\" target=\"_blank\" title=\"Facebook\" href=\"http:\/\/www.facebook.com\/sharer.php?u=https%3A%2F%2Fmarecettedubonheur.com%2Findex.php%2F2021%2F10%2F08%2Fquand-la-peur-de-la-mort-nous-empeche-de-vivre%2F\" data-main-href=\"http:\/\/www.facebook.com\/sharer.php?u={url}\" data-nid=\"1\" data-name=\"\" data-pid=\"1\" data-post-id=\"543\" data-url=\"https:\/\/marecettedubonheur.com\/wp-admin\/admin-ajax.php\" rel=\"nofollow\" data-mailto=\"\"><i class=\"fa-ssbs fa-ssbs-fw fa-ssbs-facebook\"><\/i><div class=\"counter-wrap standard\"><span class=\"counter\">0<\/span><\/div><\/a><a data-networks=\"[]\" class=\"social-sharing-button sharer-flat sharer-flat-3 counter-standard without-counter twitter\" target=\"_blank\" title=\"Twitter\" href=\"https:\/\/twitter.com\/share?url=https%3A%2F%2Fmarecettedubonheur.com%2Findex.php%2F2021%2F10%2F08%2Fquand-la-peur-de-la-mort-nous-empeche-de-vivre%2F&text=Quand+la+peur+de+la+mort+nous+emp%C3%AAche+de+vivre\" data-main-href=\"https:\/\/twitter.com\/share?url={url}&text={title}\" data-nid=\"2\" data-name=\"\" data-pid=\"1\" data-post-id=\"543\" data-url=\"https:\/\/marecettedubonheur.com\/wp-admin\/admin-ajax.php\" rel=\"nofollow\" data-mailto=\"\"><i class=\"fa-ssbs fa-ssbs-fw fa-ssbs-twitter\"><\/i><div class=\"counter-wrap standard\"><span class=\"counter\">0<\/span><\/div><\/a><a data-networks=\"[]\" class=\"social-sharing-button sharer-flat sharer-flat-3 counter-standard without-counter like\" target=\"_blank\" title=\"Like\" href=\"#\" data-main-href=\"#\" data-nid=\"5\" data-name=\"\" data-pid=\"1\" data-post-id=\"543\" data-url=\"https:\/\/marecettedubonheur.com\/wp-admin\/admin-ajax.php\" rel=\"nofollow\" data-mailto=\"\"><i class=\"fa-ssbs fa-ssbs-fw fa-ssbs-heart\"><\/i><div class=\"counter-wrap standard\"><span class=\"counter\">0<\/span><\/div><\/a><a data-networks=\"[]\" class=\"social-sharing-button sharer-flat sharer-flat-3 counter-standard without-counter pinterest\" target=\"_blank\" title=\"Partager sur Pinterest\" href=\"http:\/\/pinterest.com\/pin\/create\/link\/?url=https%3A%2F%2Fmarecettedubonheur.com%2Findex.php%2F2021%2F10%2F08%2Fquand-la-peur-de-la-mort-nous-empeche-de-vivre%2F&description=Quand+la+peur+de+la+mort+nous+emp%C3%AAche+de+vivre\" data-main-href=\"http:\/\/pinterest.com\/pin\/create\/link\/?url={url}&description={title}\" data-nid=\"7\" data-name=\"\" data-pid=\"1\" data-post-id=\"543\" data-url=\"https:\/\/marecettedubonheur.com\/wp-admin\/admin-ajax.php\" rel=\"nofollow\" data-mailto=\"\"><i class=\"fa-ssbs fa-ssbs-fw fa-ssbs-pinterest\"><\/i><div class=\"counter-wrap standard\"><span class=\"counter\">0<\/span><\/div><\/a><a data-networks=\"[]\" class=\"social-sharing-button sharer-flat sharer-flat-3 counter-standard without-counter mail\" target=\"_blank\" title=\"Partager par Mail\" href=\"#\" data-main-href=\"#\" data-nid=\"16\" data-name=\"\" data-pid=\"1\" data-post-id=\"543\" data-url=\"https:\/\/marecettedubonheur.com\/wp-admin\/admin-ajax.php\" rel=\"nofollow\" data-mailto=\"\"><i class=\"fa-ssbs fa-ssbs-fw fa-ssbs-envelope-o\"><\/i><div class=\"counter-wrap standard\"><span class=\"counter\">0<\/span><\/div><\/a><\/div>","protected":false},"excerpt":{"rendered":"<p>Un deuxi\u00e8me article \u00e9crit par notre \u00e9quipe de passeuses d&rsquo;\u00e2me, en d\u00e9cembre 2020 !<\/p>\n<div data-animation=\"rubberBand\" data-icons-animation=\"no-animation\" data-overlay=\"on\" data-change-size=\"\" data-button-size=\"0.7\" style=\"font-size:0.7em!important;display:none;\" class=\"supsystic-social-sharing supsystic-social-sharing-package-flat supsystic-social-sharing-hide-on-homepage supsystic-social-sharing-spacing supsystic-social-sharing-content supsystic-social-sharing-content-align-left\" data-text=\"\"><a data-networks=\"[]\" class=\"social-sharing-button sharer-flat sharer-flat-3 counter-standard without-counter facebook\" target=\"_blank\" title=\"Facebook\" href=\"http:\/\/www.facebook.com\/sharer.php?u=https%3A%2F%2Fmarecettedubonheur.com%2Findex.php%2F2021%2F10%2F08%2Fquand-la-peur-de-la-mort-nous-empeche-de-vivre%2F\" data-main-href=\"http:\/\/www.facebook.com\/sharer.php?u={url}\" data-nid=\"1\" data-name=\"\" data-pid=\"1\" data-post-id=\"543\" data-url=\"https:\/\/marecettedubonheur.com\/wp-admin\/admin-ajax.php\" rel=\"nofollow\" data-mailto=\"\"><i class=\"fa-ssbs fa-ssbs-fw fa-ssbs-facebook\"><\/i><div class=\"counter-wrap standard\"><span class=\"counter\">0<\/span><\/div><\/a><a data-networks=\"[]\" class=\"social-sharing-button sharer-flat sharer-flat-3 counter-standard without-counter twitter\" target=\"_blank\" title=\"Twitter\" href=\"https:\/\/twitter.com\/share?url=https%3A%2F%2Fmarecettedubonheur.com%2Findex.php%2F2021%2F10%2F08%2Fquand-la-peur-de-la-mort-nous-empeche-de-vivre%2F&text=Quand+la+peur+de+la+mort+nous+emp%C3%AAche+de+vivre\" data-main-href=\"https:\/\/twitter.com\/share?url={url}&text={title}\" data-nid=\"2\" data-name=\"\" data-pid=\"1\" data-post-id=\"543\" data-url=\"https:\/\/marecettedubonheur.com\/wp-admin\/admin-ajax.php\" rel=\"nofollow\" data-mailto=\"\"><i class=\"fa-ssbs fa-ssbs-fw fa-ssbs-twitter\"><\/i><div class=\"counter-wrap standard\"><span class=\"counter\">0<\/span><\/div><\/a><a data-networks=\"[]\" class=\"social-sharing-button sharer-flat sharer-flat-3 counter-standard without-counter like\" target=\"_blank\" title=\"Like\" href=\"#\" data-main-href=\"#\" data-nid=\"5\" data-name=\"\" data-pid=\"1\" data-post-id=\"543\" data-url=\"https:\/\/marecettedubonheur.com\/wp-admin\/admin-ajax.php\" rel=\"nofollow\" data-mailto=\"\"><i class=\"fa-ssbs fa-ssbs-fw fa-ssbs-heart\"><\/i><div class=\"counter-wrap standard\"><span class=\"counter\">0<\/span><\/div><\/a><a data-networks=\"[]\" class=\"social-sharing-button sharer-flat sharer-flat-3 counter-standard without-counter pinterest\" target=\"_blank\" title=\"Partager sur Pinterest\" href=\"http:\/\/pinterest.com\/pin\/create\/link\/?url=https%3A%2F%2Fmarecettedubonheur.com%2Findex.php%2F2021%2F10%2F08%2Fquand-la-peur-de-la-mort-nous-empeche-de-vivre%2F&description=Quand+la+peur+de+la+mort+nous+emp%C3%AAche+de+vivre\" data-main-href=\"http:\/\/pinterest.com\/pin\/create\/link\/?url={url}&description={title}\" data-nid=\"7\" data-name=\"\" data-pid=\"1\" data-post-id=\"543\" data-url=\"https:\/\/marecettedubonheur.com\/wp-admin\/admin-ajax.php\" rel=\"nofollow\" data-mailto=\"\"><i class=\"fa-ssbs fa-ssbs-fw fa-ssbs-pinterest\"><\/i><div class=\"counter-wrap standard\"><span class=\"counter\">0<\/span><\/div><\/a><a data-networks=\"[]\" class=\"social-sharing-button sharer-flat sharer-flat-3 counter-standard without-counter mail\" target=\"_blank\" title=\"Partager par Mail\" href=\"#\" data-main-href=\"#\" data-nid=\"16\" data-name=\"\" data-pid=\"1\" data-post-id=\"543\" data-url=\"https:\/\/marecettedubonheur.com\/wp-admin\/admin-ajax.php\" rel=\"nofollow\" data-mailto=\"\"><i class=\"fa-ssbs fa-ssbs-fw fa-ssbs-envelope-o\"><\/i><div class=\"counter-wrap standard\"><span class=\"counter\">0<\/span><\/div><\/a><\/div>","protected":false},"author":1,"featured_media":549,"comment_status":"open","ping_status":"open","sticky":false,"template":"","format":"standard","meta":{"footnotes":""},"categories":[44],"tags":[53,48,34],"class_list":["post-543","post","type-post","status-publish","format-standard","has-post-thumbnail","hentry","category-passage-dame","tag-collectif","tag-passage","tag-spiritualite"],"_links":{"self":[{"href":"https:\/\/marecettedubonheur.com\/index.php\/wp-json\/wp\/v2\/posts\/543"}],"collection":[{"href":"https:\/\/marecettedubonheur.com\/index.php\/wp-json\/wp\/v2\/posts"}],"about":[{"href":"https:\/\/marecettedubonheur.com\/index.php\/wp-json\/wp\/v2\/types\/post"}],"author":[{"embeddable":true,"href":"https:\/\/marecettedubonheur.com\/index.php\/wp-json\/wp\/v2\/users\/1"}],"replies":[{"embeddable":true,"href":"https:\/\/marecettedubonheur.com\/index.php\/wp-json\/wp\/v2\/comments?post=543"}],"version-history":[{"count":6,"href":"https:\/\/marecettedubonheur.com\/index.php\/wp-json\/wp\/v2\/posts\/543\/revisions"}],"predecessor-version":[{"id":701,"href":"https:\/\/marecettedubonheur.com\/index.php\/wp-json\/wp\/v2\/posts\/543\/revisions\/701"}],"wp:featuredmedia":[{"embeddable":true,"href":"https:\/\/marecettedubonheur.com\/index.php\/wp-json\/wp\/v2\/media\/549"}],"wp:attachment":[{"href":"https:\/\/marecettedubonheur.com\/index.php\/wp-json\/wp\/v2\/media?parent=543"}],"wp:term":[{"taxonomy":"category","embeddable":true,"href":"https:\/\/marecettedubonheur.com\/index.php\/wp-json\/wp\/v2\/categories?post=543"},{"taxonomy":"post_tag","embeddable":true,"href":"https:\/\/marecettedubonheur.com\/index.php\/wp-json\/wp\/v2\/tags?post=543"}],"curies":[{"name":"wp","href":"https:\/\/api.w.org\/{rel}","templated":true}]}}